{"id":2884,"date":"2026-07-31T12:49:30","date_gmt":"2026-07-31T15:49:30","guid":{"rendered":"https:\/\/outrosnativos.com.br\/noticiapaidegua\/?p=2884"},"modified":"2026-07-31T12:49:30","modified_gmt":"2026-07-31T15:49:30","slug":"a-saga-de-agotime-destaca-a-forca-da-coletividade-das-mulheres-negras-na-amazonia","status":"publish","type":"post","link":"https:\/\/outrosnativos.com.br\/noticiapaidegua\/a-saga-de-agotime-destaca-a-forca-da-coletividade-das-mulheres-negras-na-amazonia\/","title":{"rendered":"\u201cA Saga de Agotim\u00e9\u201d destaca a for\u00e7a da coletividade das mulheres negras na Amaz\u00f4nia"},"content":{"rendered":"\n<p class=\"wp-block-paragraph\"><em>Espet\u00e1culo idealizado pela arte-educadora Taynara Garcia busca evidenciar a importante contribui\u00e7\u00e3o da cultura e religiosidade afro-brasileira na forma\u00e7\u00e3o do Brasil<\/em><\/p>\n\n\n\n<figure class=\"wp-block-image size-large is-resized\"><img fetchpriority=\"high\" decoding=\"async\" width=\"903\" height=\"1024\" src=\"https:\/\/outrosnativos.com.br\/noticiapaidegua\/wp-content\/uploads\/2026\/07\/Agotime-Wendd-web-1-903x1024.jpg\" alt=\"\" class=\"wp-image-2885\" style=\"aspect-ratio:0.8818463658284533;width:415px;height:auto\" srcset=\"https:\/\/outrosnativos.com.br\/noticiapaidegua\/wp-content\/uploads\/2026\/07\/Agotime-Wendd-web-1-903x1024.jpg 903w, https:\/\/outrosnativos.com.br\/noticiapaidegua\/wp-content\/uploads\/2026\/07\/Agotime-Wendd-web-1-265x300.jpg 265w, https:\/\/outrosnativos.com.br\/noticiapaidegua\/wp-content\/uploads\/2026\/07\/Agotime-Wendd-web-1-768x871.jpg 768w, https:\/\/outrosnativos.com.br\/noticiapaidegua\/wp-content\/uploads\/2026\/07\/Agotime-Wendd-web-1.jpg 1200w\" sizes=\"(max-width: 903px) 100vw, 903px\" \/><figcaption class=\"wp-element-caption\"><em>Wendd Evelyn interpreta a protagonista Agotim\u00e9<\/em><\/figcaption><\/figure>\n\n\n\n<p class=\"wp-block-paragraph\">A hist\u00f3ria de uma rainha africana, cuja trajet\u00f3ria atravessou o Atl\u00e2ntico e ajudou a moldar as tradi\u00e7\u00f5es religiosas e culturais brasileiras, ser\u00e1 contada nos palcos de Bel\u00e9m. Nos dias <strong>6 e 7 de agosto<\/strong>, \u00e0s <strong>19h<\/strong>, o <strong>Teatro Esta\u00e7\u00e3o Gas\u00f4metro<\/strong> recebe o espet\u00e1culo <strong>&#8220;A Saga de Agotim\u00e9&#8221;<\/strong>, montagem que une dan\u00e7a, teatro, m\u00fasica e cosmologia africana para falar sobre uma importante personagem da cultura, religiosidade e espiritualidade afro-brasileira.<\/p>\n\n\n\n<p class=\"wp-block-paragraph\">A produ\u00e7\u00e3o \u00e9 inspirada na hist\u00f3ria de <strong>Agotim\u00e9<\/strong>, rainha do antigo Reino do Daom\u00e9, atual Benin, considerada uma das principais refer\u00eancias da tradi\u00e7\u00e3o do Tambor de Mina, religi\u00e3o de matriz africana presente principalmente no Maranh\u00e3o e que tamb\u00e9m influencia comunidades na Amaz\u00f4nia.<\/p>\n\n\n\n<p class=\"wp-block-paragraph\">A narrativa acompanha a travessia for\u00e7ada da monarca para o Brasil durante o per\u00edodo escravista, e mostra como os conhecimentos, a espiritualidade e as pr\u00e1ticas culturais africanas resistiram \u00e0 viol\u00eancia da escraviza\u00e7\u00e3o, permanecendo vivos na forma\u00e7\u00e3o da identidade cultural brasileira.<\/p>\n\n\n\n<p class=\"wp-block-paragraph\">\u00c0 frente da montagem est\u00e1 a dan\u00e7arina e arte-educadora paraense <strong>Taynara Garcia. <\/strong>Formada pela Escola de Teatro e Dan\u00e7a da Universidade Federal do Par\u00e1 (ETDUFPA), a diretora conta que o espet\u00e1culo nasceu em 2023, a partir de uma oficina realizada no Curro Velho, \u00f3rg\u00e3o da Funda\u00e7\u00e3o Cultural do Par\u00e1, e que agora ganha uma nova vers\u00e3o, mais pr\u00f3xima do desejo original da diretora.<\/p>\n\n\n\n<figure class=\"wp-block-image size-large is-resized\"><img decoding=\"async\" width=\"1024\" height=\"677\" src=\"https:\/\/outrosnativos.com.br\/noticiapaidegua\/wp-content\/uploads\/2026\/07\/Ensaio-web-1-1024x677.jpg\" alt=\"\" class=\"wp-image-2889\" style=\"width:537px;height:auto\" srcset=\"https:\/\/outrosnativos.com.br\/noticiapaidegua\/wp-content\/uploads\/2026\/07\/Ensaio-web-1-1024x677.jpg 1024w, https:\/\/outrosnativos.com.br\/noticiapaidegua\/wp-content\/uploads\/2026\/07\/Ensaio-web-1-300x198.jpg 300w, https:\/\/outrosnativos.com.br\/noticiapaidegua\/wp-content\/uploads\/2026\/07\/Ensaio-web-1-768x508.jpg 768w, https:\/\/outrosnativos.com.br\/noticiapaidegua\/wp-content\/uploads\/2026\/07\/Ensaio-web-1-1536x1015.jpg 1536w, https:\/\/outrosnativos.com.br\/noticiapaidegua\/wp-content\/uploads\/2026\/07\/Ensaio-web-1-2048x1353.jpg 2048w\" sizes=\"(max-width: 1024px) 100vw, 1024px\" \/><figcaption class=\"wp-element-caption\"><em>O elenco do espet\u00e1culo \u00e9 formado majoritariamente por mulheres negras<\/em><\/figcaption><\/figure>\n\n\n\n<p class=\"wp-block-paragraph\">O protagonismo de mulheres negras dentro e fora da cena \u00e9 um dos diferenciais do espet\u00e1culo. Com elenco formado majoritariamente por artistas negras, que tamb\u00e9m participam da cenografia, dos figurinos e de outras etapas da produ\u00e7\u00e3o, Taynara destaca essa for\u00e7a motriz desta nova vers\u00e3o. Para ela, esse processo coletivo fortalece a autenticidade da narrativa apresentada ao p\u00fablico.<\/p>\n\n\n\n<p class=\"wp-block-paragraph\">&#8220;N\u00e3o estamos representando uma mulher negra a partir da imagina\u00e7\u00e3o. Somos mulheres negras contando uma hist\u00f3ria que tamb\u00e9m atravessa nossas viv\u00eancias e nosso territ\u00f3rio&#8221;, afirma a diretora.<\/p>\n\n\n\n<p class=\"wp-block-paragraph\">Al\u00e9m de revisitar a trajet\u00f3ria de Agotim\u00e9, o espet\u00e1culo prop\u00f5e discutir temas como mem\u00f3ria, ancestralidade e pertencimento, al\u00e9m de reconhecer a contribui\u00e7\u00e3o dos povos africanos para a forma\u00e7\u00e3o da cultura brasileira, especialmente na Amaz\u00f4nia.<\/p>\n\n\n\n<p class=\"wp-block-paragraph\">A diretora tamb\u00e9m chama aten\u00e7\u00e3o para os desafios enfrentados durante a constru\u00e7\u00e3o do projeto. Segundo ela, abordar personagens ligados \u00e0s religi\u00f5es de matriz africana ainda provoca resist\u00eancia em diferentes setores da sociedade.<\/p>\n\n\n\n<p class=\"wp-block-paragraph\">&#8220;Estamos falando de corpos femininos negros sem o vi\u00e9s da sexualiza\u00e7\u00e3o. \u00c9 um corpo pol\u00edtico que ocupa a cena e fala por si dentro de uma estrutura que ainda \u00e9 muito machista&#8221;, destaca.<\/p>\n\n\n\n<p class=\"wp-block-paragraph\">A montagem re\u00fane artistas que atuam em diferentes linguagens, como dan\u00e7a, teatro, m\u00fasica e cultura popular, incluindo integrantes ligados \u00e0s tradi\u00e7\u00f5es do Tambor de Crioula e do Tambor de Mina. Participam do espet\u00e1culo a <strong>Mestra Pretta Nzinga Jamile<\/strong>, <strong>Maiara Almeida<\/strong> e o <strong>Grupo de Tambor de Crioula Filhos e Amigos de Cururupu<\/strong>.<\/p>\n\n\n\n<p class=\"wp-block-paragraph\">O projeto foi contemplado pelo <strong>Edital n\u00ba 002\/2025 de Fomento \u00e0 Cria\u00e7\u00e3o de Projetos Culturais<\/strong>, do Governo do Estado do Par\u00e1, por meio da Lei Aldir Blanc.<\/p>\n\n\n\n<p class=\"wp-block-paragraph\">As apresenta\u00e7\u00f5es contar\u00e3o com interpreta\u00e7\u00e3o em Libras, espa\u00e7o reservado para Pessoas com Defici\u00eancia (PCD) e pol\u00edtica de meia-entrada para PCDs, m\u00e3es solo e pessoas trans, como parte das a\u00e7\u00f5es de acessibilidade e inclus\u00e3o previstas pela produ\u00e7\u00e3o.<\/p>\n\n\n\n<p class=\"has-medium-font-size wp-block-paragraph\"><strong>SERVI\u00c7O:<\/strong><\/p>\n\n\n\n<p class=\"wp-block-paragraph\"><strong>Espet\u00e1culo:<\/strong>&nbsp;<em>A Saga de Agotim\u00e9<\/em><\/p>\n\n\n\n<p class=\"wp-block-paragraph\"><strong>Data:<\/strong>&nbsp;06 e 07 de Agosto<\/p>\n\n\n\n<p class=\"wp-block-paragraph\"><strong>Hor\u00e1rio:<\/strong>&nbsp;19h00<\/p>\n\n\n\n<p class=\"wp-block-paragraph\"><strong>Local:<\/strong>&nbsp;Teatro Esta\u00e7\u00e3o Gas\u00f4metro<\/p>\n\n\n\n<p class=\"wp-block-paragraph\"><strong>Acessibilidade:<\/strong>&nbsp;Tradu\u00e7\u00e3o em Libras e Espa\u00e7o PCD<\/p>\n\n\n\n<p class=\"wp-block-paragraph\"><strong>Meia entrada:<\/strong>&nbsp;Pessoas com defici\u00eancia, Pessoas Trans, M\u00e3es solo.<\/p>\n\n\n\n<p class=\"wp-block-paragraph\"><strong>Ingressos:<\/strong>&nbsp;R$ 20,00 Inteira | R$ 10,00 Meia<\/p>\n\n\n\n<p class=\"wp-block-paragraph\"><\/p>\n\n\n\n<h3 class=\"wp-block-heading has-medium-font-size\">Contato para ingressos e informa\u00e7\u00f5es:<\/h3>\n\n\n\n<p class=\"wp-block-paragraph\"><strong>Nome:<\/strong>&nbsp;Taynara Garcia<\/p>\n\n\n\n<p class=\"wp-block-paragraph\"><strong>Telefone:<\/strong>&nbsp;91 8918-0902<\/p>\n\n\n\n<p class=\"wp-block-paragraph\"><strong>E-mail:<\/strong>&nbsp;<a href=\"mailto:artesnegrasemmovimento@gmail.com\" target=\"_blank\" rel=\"noreferrer noopener\">artesnegrasemmovimento@gmail.com<\/a><\/p>\n\n\n\n<p class=\"wp-block-paragraph\">Cr\u00e9ditos das Fotos em Anexo: Taynara Garcia (elenco) e Nicobates (ensaios).&nbsp;<\/p>\n\n\n\n<p class=\"wp-block-paragraph\"><\/p>\n\n\n\n<p class=\"has-medium-font-size wp-block-paragraph\"><strong>FICHA T\u00c9CNICA:<\/strong><\/p>\n\n\n\n<p class=\"wp-block-paragraph\"><strong>Coordena\u00e7\u00e3o de Produ\u00e7\u00e3o e Dire\u00e7\u00e3o<\/strong>: Taynara Garcia \u2013&nbsp;<em>Artes Negras em Movimento.<\/em><\/p>\n\n\n\n<p class=\"wp-block-paragraph\"><strong>Produ\u00e7\u00e3o Executiva e Assessoria de Comunica\u00e7\u00e3o:<\/strong>&nbsp;Elielton Alves \u2013&nbsp;<em>Uka Uka Arte e Cultura.<\/em><\/p>\n\n\n\n<p class=\"wp-block-paragraph\"><strong>Dan\u00e7arinas<\/strong>: Anast\u00e1cia Marshelly, Bianca Bahia, Elidiane Parente, Joj\u00f4 Pantoja, Khetelen Vitoria, Lo Ojuara, Rosy Lueji, Stella Mendes, Thamirys Monteiro, Wendd Evelyn.<\/p>\n\n\n\n<p class=\"wp-block-paragraph\"><strong>Percussionistas:&nbsp;<\/strong>Brena Corr\u00eaa e Katarina Chaves.<\/p>\n\n\n\n<p class=\"wp-block-paragraph\"><strong>Participa\u00e7\u00e3o especial:&nbsp;<\/strong>Mestra Pretta Nzinga Jamile, Maiara Almeida e Grupo de Tambor de Crioula Filhos e Amigos de Cururupu.<\/p>\n\n\n\n<p class=\"wp-block-paragraph\"><strong>Ilumina\u00e7\u00e3o:<\/strong>&nbsp;Malu Rabelo.<\/p>\n\n\n\n<p class=\"wp-block-paragraph\"><strong>Cenotecnia:<\/strong>&nbsp;Cl\u00e1udio Bastos.<\/p>\n\n\n\n<p class=\"wp-block-paragraph\"><strong>Sonoplastia:<\/strong>&nbsp;Pawer Martins.<\/p>\n\n\n\n<p class=\"wp-block-paragraph\"><strong>Produ\u00e7\u00e3o:<\/strong>&nbsp;Mika Nascimento.<\/p>\n\n\n\n<p class=\"wp-block-paragraph\"><strong>Int\u00e9rprete Tradutor de Libras:&nbsp;<\/strong>Gabriel Lucena.<\/p>\n\n\n\n<p class=\"wp-block-paragraph\"><strong>Capta\u00e7\u00e3o de bastidores e v\u00eddeos:<\/strong>&nbsp;Associa\u00e7\u00e3o Sociocultural Outros Nativos.<\/p>\n\n\n\n<p class=\"wp-block-paragraph\"><strong>Capta\u00e7\u00e3o de imagens:<\/strong>&nbsp;Victor Peixe.<\/p>\n\n\n\n<p class=\"wp-block-paragraph\"><strong>Designer gr\u00e1fico:<\/strong>&nbsp;Thayse Panda.<\/p>\n\n\n\n<p class=\"wp-block-paragraph\"><strong>Parceiros:<\/strong>&nbsp;Curro Velho, Hounsou Store, Associa\u00e7\u00e3o Sociocultural Outros Nativos e Escola Estadual E.F Santo Afonso.<\/p>\n\n\n\n<p class=\"wp-block-paragraph\"><strong>Patroc\u00ednio:&nbsp;&nbsp;<\/strong>PNAB (Pol\u00edtica Nacional Aldir Blanc), Secretaria Estadual de Cultura (Secult), Governo do Par\u00e1, Minist\u00e9rio da Cultura, Governo Federal.<\/p>\n\n\n\n<figure class=\"wp-block-image size-large is-resized\"><img decoding=\"async\" width=\"1024\" height=\"598\" src=\"https:\/\/outrosnativos.com.br\/noticiapaidegua\/wp-content\/uploads\/2026\/07\/Ensaio-web-2-1-1024x598.jpg\" alt=\"\" class=\"wp-image-2888\" style=\"aspect-ratio:1.7124193953605227;width:528px;height:auto\" srcset=\"https:\/\/outrosnativos.com.br\/noticiapaidegua\/wp-content\/uploads\/2026\/07\/Ensaio-web-2-1-1024x598.jpg 1024w, https:\/\/outrosnativos.com.br\/noticiapaidegua\/wp-content\/uploads\/2026\/07\/Ensaio-web-2-1-300x175.jpg 300w, https:\/\/outrosnativos.com.br\/noticiapaidegua\/wp-content\/uploads\/2026\/07\/Ensaio-web-2-1-768x449.jpg 768w\" sizes=\"(max-width: 1024px) 100vw, 1024px\" \/><figcaption class=\"wp-element-caption\"><em>O elenco atual da montagem destaca a pot\u00eancia da coletividade<\/em><\/figcaption><\/figure>\n","protected":false},"excerpt":{"rendered":"<p>Espet\u00e1culo idealizado pela arte-educadora Taynara Garcia busca evidenciar a importante contribui\u00e7\u00e3o da cultura e religiosidade afro-brasileira na forma\u00e7\u00e3o do Brasil A hist\u00f3ria de uma rainha africana, cuja trajet\u00f3ria atravessou o Atl\u00e2ntico e ajudou a moldar as tradi\u00e7\u00f5es religiosas e culturais brasileiras, ser\u00e1 contada nos palcos de Bel\u00e9m. Nos dias 6 e 7 de agosto, \u00e0s [&hellip;]<\/p>\n","protected":false},"author":2,"featured_media":2890,"comment_status":"open","ping_status":"open","sticky":false,"template":"","format":"standard","meta":{"footnotes":""},"categories":[13,11],"tags":[],"class_list":["post-2884","post","type-post","status-publish","format-standard","has-post-thumbnail","hentry","category-destaque","category-noticias-gerais"],"_links":{"self":[{"href":"https:\/\/outrosnativos.com.br\/noticiapaidegua\/wp-json\/wp\/v2\/posts\/2884","targetHints":{"allow":["GET"]}}],"collection":[{"href":"https:\/\/outrosnativos.com.br\/noticiapaidegua\/wp-json\/wp\/v2\/posts"}],"about":[{"href":"https:\/\/outrosnativos.com.br\/noticiapaidegua\/wp-json\/wp\/v2\/types\/post"}],"author":[{"embeddable":true,"href":"https:\/\/outrosnativos.com.br\/noticiapaidegua\/wp-json\/wp\/v2\/users\/2"}],"replies":[{"embeddable":true,"href":"https:\/\/outrosnativos.com.br\/noticiapaidegua\/wp-json\/wp\/v2\/comments?post=2884"}],"version-history":[{"count":1,"href":"https:\/\/outrosnativos.com.br\/noticiapaidegua\/wp-json\/wp\/v2\/posts\/2884\/revisions"}],"predecessor-version":[{"id":2891,"href":"https:\/\/outrosnativos.com.br\/noticiapaidegua\/wp-json\/wp\/v2\/posts\/2884\/revisions\/2891"}],"wp:featuredmedia":[{"embeddable":true,"href":"https:\/\/outrosnativos.com.br\/noticiapaidegua\/wp-json\/wp\/v2\/media\/2890"}],"wp:attachment":[{"href":"https:\/\/outrosnativos.com.br\/noticiapaidegua\/wp-json\/wp\/v2\/media?parent=2884"}],"wp:term":[{"taxonomy":"category","embeddable":true,"href":"https:\/\/outrosnativos.com.br\/noticiapaidegua\/wp-json\/wp\/v2\/categories?post=2884"},{"taxonomy":"post_tag","embeddable":true,"href":"https:\/\/outrosnativos.com.br\/noticiapaidegua\/wp-json\/wp\/v2\/tags?post=2884"}],"curies":[{"name":"wp","href":"https:\/\/api.w.org\/{rel}","templated":true}]}}